{"id":784,"date":"2024-09-16T09:57:40","date_gmt":"2024-09-16T08:57:40","guid":{"rendered":"https:\/\/andoa.org\/?p=784"},"modified":"2024-10-29T20:49:03","modified_gmt":"2024-10-29T19:49:03","slug":"curso-basico-de-micoloxia-2024","status":"publish","type":"post","link":"https:\/\/andoa.org\/?p=784","title":{"rendered":"Curso B\u00e1sico de Micolox\u00eda 2024"},"content":{"rendered":"<table style=\"height: 361px; width: 100%; border-collapse: collapse; border-style: none;\">\n<tbody>\n<tr style=\"height: 361px;\">\n<td style=\"width: 25.8664%; height: 361px;\"><img loading=\"lazy\" decoding=\"async\" class=\"aligncenter wp-image-804\" src=\"http:\/\/andoa.org\/wp-content\/uploads\/2024\/09\/WhatsApp-Image-2024-09-16-at-18.44.40.jpeg\" alt=\"\" width=\"1536\" height=\"2048\" srcset=\"https:\/\/andoa.org\/wp-content\/uploads\/2024\/09\/WhatsApp-Image-2024-09-16-at-18.44.40.jpeg 1536w, https:\/\/andoa.org\/wp-content\/uploads\/2024\/09\/WhatsApp-Image-2024-09-16-at-18.44.40-225x300.jpeg 225w, https:\/\/andoa.org\/wp-content\/uploads\/2024\/09\/WhatsApp-Image-2024-09-16-at-18.44.40-700x933.jpeg 700w, https:\/\/andoa.org\/wp-content\/uploads\/2024\/09\/WhatsApp-Image-2024-09-16-at-18.44.40-768x1024.jpeg 768w, https:\/\/andoa.org\/wp-content\/uploads\/2024\/09\/WhatsApp-Image-2024-09-16-at-18.44.40-1152x1536.jpeg 1152w\" sizes=\"(max-width: 1536px) 100vw, 1536px\" \/><\/td>\n<td style=\"width: 74.1336%; height: 361px;\"><strong>Data:<\/strong> 22 de Setembro de 2024.<\/p>\n<p><strong>Horario:<\/strong> de 11:00 &#8211; 13:00h<\/p>\n<p><strong>Lugar:\u00a0<\/strong> Sal\u00f3n de Actos Concello de Cambre<br \/>\nR\u00faa R\u00edo Barc\u00e9s 6, A Barcala \/ Cambre, 15660<\/p>\n<p><strong>Docente:<\/strong> Xos\u00e9 Manuel del Rio<\/p>\n<p><strong>Inscripci\u00f3ns<\/strong>: Pechadas<\/td>\n<\/tr>\n<\/tbody>\n<\/table>\n<p><span style=\"font-size: 18pt;\"><strong>Inscripci\u00f3ns<\/strong><\/span><\/p>\n<p>Esta formaci\u00f3n \u00e9 gratuita para socios de Andoa. Podedes solicitar a alta como socio e anotarvos no curso coa inscripci\u00f3n no evento <a href=\"https:\/\/forms.gle\/R7d3oRAoYBBng36t6\">neste enlace<\/a>. O prazo de inscrici\u00f3n do curso pecharase o m\u00e9rcores 18 de setembro as 20:00h.<\/p>\n<p>Se queres saber mais sobre os beneficios de ser socio de Andoa inf\u00f3rmate na secci\u00f3n <a href=\"https:\/\/andoa.org\/?page_id=715\">Hazte Socio<\/a>.<\/p>\n<p><span style=\"font-size: 18pt;\"><strong>Sobre o curso<\/strong><\/span><\/p>\n<p>Este curso vai dirixido especialmente aos socios que comezan este ano a s\u00faa andaina con Andoa e queren iniciarse no mundo da micolox\u00eda, e tam\u00e9n a todos os socios aos que lles apeteza refrescar co\u00f1ecementos tralo intenso ver\u00e1n.<\/p>\n<p>Ser\u00e1 impartido polo noso compa\u00f1eiro e experto de Andoa Xos\u00e9 Manuel del Rio, e vaise desenvolver no Sal\u00f3n de Actos das instalaci\u00f3ns do Concello de Cambre situadas na R\u00faa R\u00edo Barc\u00e9s 6, na Barcala (Cambre). O horario ser\u00e1 de 11:00 a 13.00.<\/p>\n<p>Contidos do curso:<\/p>\n<ul>\n<li>O reino Fungi.<\/li>\n<li>Clasificaci\u00f3n dos Fungos.<\/li>\n<li>Partes do cogomelo.<\/li>\n<li>Principais x\u00e9neros.<\/li>\n<li>Pequena exposici\u00f3n de setas e pr\u00e1ctica b\u00e1sica de identificaci\u00f3n de x\u00e9neros e especies m\u00e1is com\u00fans.<\/li>\n<\/ul>\n<p>S\u00f3 nos queda, pola nosa parte, agradecervos a participaci\u00f3n e pregarvos PUNTUALIDADE<\/p>\n<p>Sa\u00fados,<\/p>\n<p>Colabora Concello de Cambre<\/p>\n<p><img loading=\"lazy\" decoding=\"async\" class=\"alignnone size-medium wp-image-786\" src=\"http:\/\/andoa.org\/wp-content\/uploads\/2024\/09\/Concellodecambre-300x212.png\" alt=\"\" width=\"300\" height=\"212\" srcset=\"https:\/\/andoa.org\/wp-content\/uploads\/2024\/09\/Concellodecambre-300x212.png 300w, https:\/\/andoa.org\/wp-content\/uploads\/2024\/09\/Concellodecambre-120x85.png 120w, https:\/\/andoa.org\/wp-content\/uploads\/2024\/09\/Concellodecambre.png 500w\" sizes=\"(max-width: 300px) 100vw, 300px\" \/><\/p>\n","protected":false},"excerpt":{"rendered":"<p>Data: 22 de Setembro de 2024. Horario: de 11:00 &#8211; 13:00h Lugar:\u00a0 Sal\u00f3n de Actos Concello de Cambre R\u00faa R\u00edo Barc\u00e9s 6, A Barcala \/ &hellip; <\/p>\n","protected":false},"author":1,"featured_media":804,"comment_status":"open","ping_status":"open","sticky":false,"template":"","format":"standard","meta":{"footnotes":""},"categories":[4],"tags":[],"class_list":["post-784","post","type-post","status-publish","format-standard","has-post-thumbnail","hentry","category-actividades"],"_links":{"self":[{"href":"https:\/\/andoa.org\/index.php?rest_route=\/wp\/v2\/posts\/784"}],"collection":[{"href":"https:\/\/andoa.org\/index.php?rest_route=\/wp\/v2\/posts"}],"about":[{"href":"https:\/\/andoa.org\/index.php?rest_route=\/wp\/v2\/types\/post"}],"author":[{"embeddable":true,"href":"https:\/\/andoa.org\/index.php?rest_route=\/wp\/v2\/users\/1"}],"replies":[{"embeddable":true,"href":"https:\/\/andoa.org\/index.php?rest_route=%2Fwp%2Fv2%2Fcomments&post=784"}],"version-history":[{"count":20,"href":"https:\/\/andoa.org\/index.php?rest_route=\/wp\/v2\/posts\/784\/revisions"}],"predecessor-version":[{"id":812,"href":"https:\/\/andoa.org\/index.php?rest_route=\/wp\/v2\/posts\/784\/revisions\/812"}],"wp:featuredmedia":[{"embeddable":true,"href":"https:\/\/andoa.org\/index.php?rest_route=\/wp\/v2\/media\/804"}],"wp:attachment":[{"href":"https:\/\/andoa.org\/index.php?rest_route=%2Fwp%2Fv2%2Fmedia&parent=784"}],"wp:term":[{"taxonomy":"category","embeddable":true,"href":"https:\/\/andoa.org\/index.php?rest_route=%2Fwp%2Fv2%2Fcategories&post=784"},{"taxonomy":"post_tag","embeddable":true,"href":"https:\/\/andoa.org\/index.php?rest_route=%2Fwp%2Fv2%2Ftags&post=784"}],"curies":[{"name":"wp","href":"https:\/\/api.w.org\/{rel}","templated":true}]}}