{"id":74,"date":"2016-05-14T11:13:12","date_gmt":"2016-05-14T10:13:12","guid":{"rendered":"http:\/\/andoadecambre.com\/?p=74"},"modified":"2020-01-09T12:35:19","modified_gmt":"2020-01-09T11:35:19","slug":"salida-arboles-2","status":"publish","type":"post","link":"http:\/\/andoa.org\/?p=74","title":{"rendered":"Salida \u00c1rboles"},"content":{"rendered":"<p>Continuando con la programaci\u00f3n de primavera os proponemos a continuaci\u00f3n la salida prevista para el estudio de \u00e1rboles.<\/p>\n<p>Se ha escogido un entorno singular y de gran belleza en <strong>A<\/strong> <strong>Serra de O Gali\u00f1eiro, O Monte Aloia (Tui).<\/strong><\/p>\n<p>Se trata de un parque natural que presenta gran variedad de bosque aut\u00f3ctono as\u00ed como vegetaci\u00f3n de ribera, adem\u00e1s de una senda bot\u00e1nica. En \u00e9sta ocaci\u00f3n nos ilustrar\u00e1 con sus conocimientos el ingeniero agr\u00f3nomo Manuel Dom\u00ednguez.<\/p>\n<p>La salida tendr\u00e1 lugar el <strong>s\u00e1bado 11 de Junio<\/strong>, saliendo de la plaza del Concello de Cambre a las <strong>8:30<\/strong>.<\/p>\n<p>La comida se realizar\u00e1 en el Restaurante Monte Aloia. (Os rogamos que si alguien tiene alguna alergia o intolerancia alimenticia nos lo comunique en el momento de la inscripci\u00f3n para poder dec\u00edrselo al restaurante.)<\/p>\n<p>\u00c9sta salida est\u00e1 subvencionada por lo que tendr\u00e1 un coste de <strong>20\u20ac<\/strong> (15\u20ac del men\u00fa y 5\u20ac del autob\u00fas). Los hijos de socios menores de 14 a\u00f1os pagar\u00e1n 15\u20ac, ya que el men\u00fa para ellos es a 10\u20ac.<\/p>\n<p>Para la tarde est\u00e1 prevista una peque\u00f1a ruta en este entorno, visitando diferentes zonas bot\u00e1nicas dentro del parque.<\/p>\n<p>Por \u00faltimo, recordaros que la fecha l\u00edmite para inscribirse es el <strong>s\u00e1bado 4 de Junio<\/strong>, y que \u00e9sta s\u00f3lo se realizar\u00e1 si se re\u00fanen un m\u00ednimo de 20 socios.<\/p>\n<p>\u00bfDisfrutamos juntos de estos impresionantes paisajes? Os esperamos.<\/p>\n<p>\u00a1Un saludo a todos!<\/p>\n","protected":false},"excerpt":{"rendered":"<p>Continuando con la programaci\u00f3n de primavera os proponemos a continuaci\u00f3n la salida prevista para el estudio de \u00e1rboles. Se ha escogido un entorno singular y &hellip; <\/p>\n","protected":false},"author":2,"featured_media":106,"comment_status":"closed","ping_status":"open","sticky":false,"template":"","format":"standard","meta":{"footnotes":""},"categories":[4,6,9],"tags":[],"class_list":["post-74","post","type-post","status-publish","format-standard","has-post-thumbnail","hentry","category-actividades","category-arboles","category-salida"],"_links":{"self":[{"href":"http:\/\/andoa.org\/index.php?rest_route=\/wp\/v2\/posts\/74"}],"collection":[{"href":"http:\/\/andoa.org\/index.php?rest_route=\/wp\/v2\/posts"}],"about":[{"href":"http:\/\/andoa.org\/index.php?rest_route=\/wp\/v2\/types\/post"}],"author":[{"embeddable":true,"href":"http:\/\/andoa.org\/index.php?rest_route=\/wp\/v2\/users\/2"}],"replies":[{"embeddable":true,"href":"http:\/\/andoa.org\/index.php?rest_route=%2Fwp%2Fv2%2Fcomments&post=74"}],"version-history":[{"count":5,"href":"http:\/\/andoa.org\/index.php?rest_route=\/wp\/v2\/posts\/74\/revisions"}],"predecessor-version":[{"id":79,"href":"http:\/\/andoa.org\/index.php?rest_route=\/wp\/v2\/posts\/74\/revisions\/79"}],"wp:featuredmedia":[{"embeddable":true,"href":"http:\/\/andoa.org\/index.php?rest_route=\/wp\/v2\/media\/106"}],"wp:attachment":[{"href":"http:\/\/andoa.org\/index.php?rest_route=%2Fwp%2Fv2%2Fmedia&parent=74"}],"wp:term":[{"taxonomy":"category","embeddable":true,"href":"http:\/\/andoa.org\/index.php?rest_route=%2Fwp%2Fv2%2Fcategories&post=74"},{"taxonomy":"post_tag","embeddable":true,"href":"http:\/\/andoa.org\/index.php?rest_route=%2Fwp%2Fv2%2Ftags&post=74"}],"curies":[{"name":"wp","href":"https:\/\/api.w.org\/{rel}","templated":true}]}}